{"id":16363,"date":"2026-09-02T15:48:47","date_gmt":"2026-09-02T14:48:47","guid":{"rendered":"https:\/\/www.anadess.com\/blog\/?p=16363"},"modified":"2026-09-02T16:09:50","modified_gmt":"2026-09-02T15:09:50","slug":"atelier-de-dessin-a-merdrignac-22","status":"publish","type":"post","link":"https:\/\/www.anadess.com\/blog\/atelier-de-dessin-a-merdrignac-22\/","title":{"rendered":"Atelier de dessin \u00e0 Merdrignac (22)"},"content":{"rendered":"\t\t<div data-elementor-type=\"wp-post\" data-elementor-id=\"16363\" class=\"elementor elementor-16363\" data-elementor-post-type=\"post\">\n\t\t\t\t\t\t<section class=\"elementor-section elementor-top-section elementor-element elementor-element-a5a926c elementor-section-boxed elementor-section-height-default elementor-section-height-default\" data-id=\"a5a926c\" data-element_type=\"section\" data-e-type=\"section\">\n\t\t\t\t\t\t<div class=\"elementor-container elementor-column-gap-default\">\n\t\t\t\t\t<div class=\"elementor-column elementor-col-50 elementor-top-column elementor-element elementor-element-75aa0f5\" data-id=\"75aa0f5\" data-element_type=\"column\" data-e-type=\"column\">\n\t\t\t<div class=\"elementor-widget-wrap elementor-element-populated\">\n\t\t\t\t\t\t<div class=\"elementor-element elementor-element-e27b404 elementor-widget elementor-widget-text-editor\" data-id=\"e27b404\" data-element_type=\"widget\" data-e-type=\"widget\" data-widget_type=\"text-editor.default\">\n\t\t\t\t<div class=\"elementor-widget-container\">\n\t\t\t\t\t\t\t\t\t<div>\u00a0<\/div><div>\u00a0<\/div><div>Je suis heureuse, avec <a href=\"https:\/\/www.editionslestardigrades.com\/eva-reinkingen\" target=\"_blank\" rel=\"noopener\">Eva Reinkingen<\/a>, de vous annoncer <strong>l\u2019ouverture d\u2019un atelier dessin \u00e0 Merdrignac. (22)<\/strong><\/div><div>\u00a0<\/div><div>N\u2019h\u00e9sitez pas \u00e0 en parler autour de vous, peut-\u00eatre aurez-vous des\u00a0int\u00e9ress\u00e9.es\u00a0dans votre entourage !<\/div><div>\u00a0<\/div><div>Illustrations, bande dessin\u00e9e. <strong>D\u00e9couvrir<\/strong> diff\u00e9rentes techniques, <strong>\u00e9veiller<\/strong> sa cr\u00e9ativit\u00e9, <strong>d\u00e9velopper<\/strong> son univers.<\/div><div>\u00a0<\/div><div><strong>Quand :<\/strong> Les mercredis de 14h30 \u00e0 16h (hors vacances scolaires)<\/div><div><strong>Le lieu : \u00a0<\/strong>Salle Alexandre Guillemot \u00e0 Merdrignac<\/div><div>Le mat\u00e9riel est fourni par nos soins.<\/div><div>\u00a0<\/div><div>Pas besoin de savoir dessiner pour d\u00e9marrer. Tous les niveaux bienvenus, tous les \u00e2ges aussi. (Minimum 7 ans)<\/div><div>Le premier atelier aura lieu le 30 septembre.<\/div><div>\u00a0<\/div><div>Notre tarif : 300\u20ac \u00e0 l\u2019ann\u00e9e. Possibilit\u00e9 de s\u2019inscrire au trimestre et de payer en plusieurs fois.<\/div><div>\u00a0<\/div><div><strong>Renseignements et inscriptions :<\/strong><\/div><div><a href=\"mailto:contact@anadess.com\">contact@anadess.com<\/a>\u00a0et\/ou 06 50 40 28 00<\/div><div>\u00a0<\/div><div>Nous esp\u00e9rons trouver assez de participants pour ouvrir cet atelier.<\/div><div>On a h\u00e2te de d\u00e9marrer cette nouvelle aventure avec vous !<\/div>\t\t\t\t\t\t\t\t<\/div>\n\t\t\t\t<\/div>\n\t\t\t\t<div class=\"elementor-element elementor-element-b736949 elementor-button-info elementor-align-center elementor-widget elementor-widget-button\" data-id=\"b736949\" data-element_type=\"widget\" data-e-type=\"widget\" data-widget_type=\"button.default\">\n\t\t\t\t<div class=\"elementor-widget-container\">\n\t\t\t\t\t\t\t\t\t<div class=\"elementor-button-wrapper\">\n\t\t\t\t\t<a class=\"elementor-button elementor-button-link elementor-size-sm\" href=\"mailto:contact@anadess.com\">\n\t\t\t\t\t\t<span class=\"elementor-button-content-wrapper\">\n\t\t\t\t\t\t\t\t\t<span class=\"elementor-button-text\">Nous \u00e9crire<\/span>\n\t\t\t\t\t<\/span>\n\t\t\t\t\t<\/a>\n\t\t\t\t<\/div>\n\t\t\t\t\t\t\t\t<\/div>\n\t\t\t\t<\/div>\n\t\t\t\t\t<\/div>\n\t\t<\/div>\n\t\t\t\t<div class=\"elementor-column elementor-col-50 elementor-top-column elementor-element elementor-element-5a3b08a\" data-id=\"5a3b08a\" data-element_type=\"column\" data-e-type=\"column\">\n\t\t\t<div class=\"elementor-widget-wrap elementor-element-populated\">\n\t\t\t\t\t\t<div class=\"elementor-element elementor-element-eb17784 elementor-widget elementor-widget-image\" data-id=\"eb17784\" data-element_type=\"widget\" data-e-type=\"widget\" data-widget_type=\"image.default\">\n\t\t\t\t<div class=\"elementor-widget-container\">\n\t\t\t\t\t\t\t\t\t\t\t\t\t\t\t\t<a href=\"https:\/\/www.anadess.com\/blog\/wp-content\/uploads\/2026\/09\/AtelierDessinMerdrignac.jpg\" data-elementor-open-lightbox=\"yes\" data-elementor-lightbox-title=\"AtelierDessinMerdrignac\" data-e-action-hash=\"#elementor-action%3Aaction%3Dlightbox%26settings%3DeyJpZCI6MTYzNjUsInVybCI6Imh0dHBzOlwvXC93d3cuYW5hZGVzcy5jb21cL2Jsb2dcL3dwLWNvbnRlbnRcL3VwbG9hZHNcLzIwMjZcLzA5XC9BdGVsaWVyRGVzc2luTWVyZHJpZ25hYy5qcGcifQ%3D%3D\">\n\t\t\t\t\t\t\t<img fetchpriority=\"high\" decoding=\"async\" width=\"1357\" height=\"1920\" src=\"https:\/\/www.anadess.com\/blog\/wp-content\/uploads\/2026\/09\/AtelierDessinMerdrignac.jpg\" class=\"attachment-full size-full wp-image-16365\" alt=\"\" srcset=\"https:\/\/www.anadess.com\/blog\/wp-content\/uploads\/2026\/09\/AtelierDessinMerdrignac.jpg 1357w, https:\/\/www.anadess.com\/blog\/wp-content\/uploads\/2026\/09\/AtelierDessinMerdrignac-212x300.jpg 212w, https:\/\/www.anadess.com\/blog\/wp-content\/uploads\/2026\/09\/AtelierDessinMerdrignac-724x1024.jpg 724w, https:\/\/www.anadess.com\/blog\/wp-content\/uploads\/2026\/09\/AtelierDessinMerdrignac-768x1087.jpg 768w, https:\/\/www.anadess.com\/blog\/wp-content\/uploads\/2026\/09\/AtelierDessinMerdrignac-1086x1536.jpg 1086w\" sizes=\"(max-width: 1357px) 100vw, 1357px\" \/>\t\t\t\t\t\t\t\t<\/a>\n\t\t\t\t\t\t\t\t\t\t\t\t\t\t\t<\/div>\n\t\t\t\t<\/div>\n\t\t\t\t\t<\/div>\n\t\t<\/div>\n\t\t\t\t\t<\/div>\n\t\t<\/section>\n\t\t\t\t<\/div>\n\t\t","protected":false},"excerpt":{"rendered":"<p>\u00a0\u00a0Je suis heureuse, avec Eva Reinkingen, de vous annoncer l\u2019ouverture d\u2019un atelier dessin \u00e0 Merdrignac. (22)\u00a0N\u2019h\u00e9sitez pas \u00e0 en parler autour de vous, peut-\u00eatre aurez-vous des\u00a0int\u00e9ress\u00e9.es\u00a0dans votre entourage !\u00a0Illustrations, bande&hellip;<\/p>\n<p> <a class=\"more-link\" href=\"https:\/\/www.anadess.com\/blog\/atelier-de-dessin-a-merdrignac-22\/\">Lire la suite<\/a><\/p>\n","protected":false},"author":1,"featured_media":16370,"comment_status":"open","ping_status":"open","sticky":true,"template":"","format":"standard","meta":{"_monsterinsights_skip_tracking":false,"footnotes":""},"categories":[3,3619],"tags":[18,20,3636,22,34,3635],"class_list":["post-16363","post","type-post","status-publish","format-standard","has-post-thumbnail","category-accueilanadessblog","category-ateliers","tag-ana-dess-2","tag-anadess","tag-apprendre-a-dessiner","tag-bande-dessinee","tag-dessin","tag-merdrignac"],"yoast_head":"<!-- This site is optimized with the Yoast SEO plugin v28.4 - https:\/\/yoast.com\/product\/yoast-seo-wordpress\/ -->\n<title>Atelier de dessin \u00e0 Merdrignac (22) -<\/title>\n<meta name=\"robots\" content=\"index, follow, max-snippet:-1, max-image-preview:large, max-video-preview:-1\" \/>\n<link rel=\"canonical\" href=\"https:\/\/www.anadess.com\/blog\/atelier-de-dessin-a-merdrignac-22\/\" \/>\n<meta property=\"og:locale\" content=\"fr_FR\" \/>\n<meta property=\"og:type\" content=\"article\" \/>\n<meta property=\"og:title\" content=\"Atelier de dessin \u00e0 Merdrignac (22) -\" \/>\n<meta property=\"og:description\" content=\"\u00a0\u00a0Je suis heureuse, avec Eva Reinkingen, de vous annoncer l\u2019ouverture d\u2019un atelier dessin \u00e0 Merdrignac. (22)\u00a0N\u2019h\u00e9sitez pas \u00e0 en parler autour de vous, peut-\u00eatre aurez-vous des\u00a0int\u00e9ress\u00e9.es\u00a0dans votre entourage !\u00a0Illustrations, bande&hellip;  Lire la suite\" \/>\n<meta property=\"og:url\" content=\"https:\/\/www.anadess.com\/blog\/atelier-de-dessin-a-merdrignac-22\/\" \/>\n<meta property=\"article:published_time\" content=\"2026-09-02T14:48:47+00:00\" \/>\n<meta property=\"article:modified_time\" content=\"2026-09-02T15:09:50+00:00\" \/>\n<meta property=\"og:image\" content=\"https:\/\/www.anadess.com\/blog\/wp-content\/uploads\/2026\/09\/PourINSTA1.jpg\" \/>\n\t<meta property=\"og:image:width\" content=\"1280\" \/>\n\t<meta property=\"og:image:height\" content=\"1280\" \/>\n\t<meta property=\"og:image:type\" content=\"image\/jpeg\" \/>\n<meta name=\"author\" content=\"anadess\" \/>\n<meta name=\"twitter:card\" content=\"summary_large_image\" \/>\n<meta name=\"twitter:label1\" content=\"\u00c9crit par\" \/>\n\t<meta name=\"twitter:data1\" content=\"anadess\" \/>\n\t<meta name=\"twitter:label2\" content=\"Dur\u00e9e de lecture estim\u00e9e\" \/>\n\t<meta name=\"twitter:data2\" content=\"2 minutes\" \/>\n<script type=\"application\/ld+json\" class=\"yoast-schema-graph\">{\"@context\":\"https:\\\/\\\/schema.org\",\"@graph\":[{\"@type\":\"Article\",\"@id\":\"https:\\\/\\\/www.anadess.com\\\/blog\\\/atelier-de-dessin-a-merdrignac-22\\\/#article\",\"isPartOf\":{\"@id\":\"https:\\\/\\\/www.anadess.com\\\/blog\\\/atelier-de-dessin-a-merdrignac-22\\\/\"},\"author\":{\"name\":\"anadess\",\"@id\":\"https:\\\/\\\/www.anadess.com\\\/blog\\\/#\\\/schema\\\/person\\\/bb444ea8b02863d199c15fb5e39d37fd\"},\"headline\":\"Atelier de dessin \u00e0 Merdrignac (22)\",\"datePublished\":\"2026-09-02T14:48:47+00:00\",\"dateModified\":\"2026-09-02T15:09:50+00:00\",\"mainEntityOfPage\":{\"@id\":\"https:\\\/\\\/www.anadess.com\\\/blog\\\/atelier-de-dessin-a-merdrignac-22\\\/\"},\"wordCount\":153,\"commentCount\":0,\"image\":{\"@id\":\"https:\\\/\\\/www.anadess.com\\\/blog\\\/atelier-de-dessin-a-merdrignac-22\\\/#primaryimage\"},\"thumbnailUrl\":\"https:\\\/\\\/www.anadess.com\\\/blog\\\/wp-content\\\/uploads\\\/2026\\\/09\\\/PourINSTA1.jpg\",\"keywords\":[\"Ana Dess\",\"anadess\",\"apprendre \u00e0 dessiner\",\"bande dessin\u00e9e\",\"dessin\",\"merdrignac\"],\"articleSection\":[\"Accueil\",\"Les Ateliers\"],\"inLanguage\":\"fr-FR\",\"potentialAction\":[{\"@type\":\"CommentAction\",\"name\":\"Comment\",\"target\":[\"https:\\\/\\\/www.anadess.com\\\/blog\\\/atelier-de-dessin-a-merdrignac-22\\\/#respond\"]}]},{\"@type\":\"WebPage\",\"@id\":\"https:\\\/\\\/www.anadess.com\\\/blog\\\/atelier-de-dessin-a-merdrignac-22\\\/\",\"url\":\"https:\\\/\\\/www.anadess.com\\\/blog\\\/atelier-de-dessin-a-merdrignac-22\\\/\",\"name\":\"Atelier de dessin \u00e0 Merdrignac (22) -\",\"isPartOf\":{\"@id\":\"https:\\\/\\\/www.anadess.com\\\/blog\\\/#website\"},\"primaryImageOfPage\":{\"@id\":\"https:\\\/\\\/www.anadess.com\\\/blog\\\/atelier-de-dessin-a-merdrignac-22\\\/#primaryimage\"},\"image\":{\"@id\":\"https:\\\/\\\/www.anadess.com\\\/blog\\\/atelier-de-dessin-a-merdrignac-22\\\/#primaryimage\"},\"thumbnailUrl\":\"https:\\\/\\\/www.anadess.com\\\/blog\\\/wp-content\\\/uploads\\\/2026\\\/09\\\/PourINSTA1.jpg\",\"datePublished\":\"2026-09-02T14:48:47+00:00\",\"dateModified\":\"2026-09-02T15:09:50+00:00\",\"author\":{\"@id\":\"https:\\\/\\\/www.anadess.com\\\/blog\\\/#\\\/schema\\\/person\\\/bb444ea8b02863d199c15fb5e39d37fd\"},\"breadcrumb\":{\"@id\":\"https:\\\/\\\/www.anadess.com\\\/blog\\\/atelier-de-dessin-a-merdrignac-22\\\/#breadcrumb\"},\"inLanguage\":\"fr-FR\",\"potentialAction\":[{\"@type\":\"ReadAction\",\"target\":[\"https:\\\/\\\/www.anadess.com\\\/blog\\\/atelier-de-dessin-a-merdrignac-22\\\/\"]}]},{\"@type\":\"ImageObject\",\"inLanguage\":\"fr-FR\",\"@id\":\"https:\\\/\\\/www.anadess.com\\\/blog\\\/atelier-de-dessin-a-merdrignac-22\\\/#primaryimage\",\"url\":\"https:\\\/\\\/www.anadess.com\\\/blog\\\/wp-content\\\/uploads\\\/2026\\\/09\\\/PourINSTA1.jpg\",\"contentUrl\":\"https:\\\/\\\/www.anadess.com\\\/blog\\\/wp-content\\\/uploads\\\/2026\\\/09\\\/PourINSTA1.jpg\",\"width\":1280,\"height\":1280},{\"@type\":\"BreadcrumbList\",\"@id\":\"https:\\\/\\\/www.anadess.com\\\/blog\\\/atelier-de-dessin-a-merdrignac-22\\\/#breadcrumb\",\"itemListElement\":[{\"@type\":\"ListItem\",\"position\":1,\"name\":\"Accueil\",\"item\":\"https:\\\/\\\/www.anadess.com\\\/blog\\\/\"},{\"@type\":\"ListItem\",\"position\":2,\"name\":\"Atelier de dessin \u00e0 Merdrignac (22)\"}]},{\"@type\":\"WebSite\",\"@id\":\"https:\\\/\\\/www.anadess.com\\\/blog\\\/#website\",\"url\":\"https:\\\/\\\/www.anadess.com\\\/blog\\\/\",\"name\":\"\",\"description\":\"\",\"potentialAction\":[{\"@type\":\"SearchAction\",\"target\":{\"@type\":\"EntryPoint\",\"urlTemplate\":\"https:\\\/\\\/www.anadess.com\\\/blog\\\/?s={search_term_string}\"},\"query-input\":{\"@type\":\"PropertyValueSpecification\",\"valueRequired\":true,\"valueName\":\"search_term_string\"}}],\"inLanguage\":\"fr-FR\"},{\"@type\":\"Person\",\"@id\":\"https:\\\/\\\/www.anadess.com\\\/blog\\\/#\\\/schema\\\/person\\\/bb444ea8b02863d199c15fb5e39d37fd\",\"name\":\"anadess\",\"image\":{\"@type\":\"ImageObject\",\"inLanguage\":\"fr-FR\",\"@id\":\"https:\\\/\\\/secure.gravatar.com\\\/avatar\\\/90504ecfdcd3e11ac8f9e24aa29999a71fc763be940051d5f20c6402abf281ac?s=96&d=mm&r=g\",\"url\":\"https:\\\/\\\/secure.gravatar.com\\\/avatar\\\/90504ecfdcd3e11ac8f9e24aa29999a71fc763be940051d5f20c6402abf281ac?s=96&d=mm&r=g\",\"contentUrl\":\"https:\\\/\\\/secure.gravatar.com\\\/avatar\\\/90504ecfdcd3e11ac8f9e24aa29999a71fc763be940051d5f20c6402abf281ac?s=96&d=mm&r=g\",\"caption\":\"anadess\"},\"url\":\"https:\\\/\\\/www.anadess.com\\\/blog\\\/author\\\/anadess\\\/\"}]}<\/script>\n<!-- \/ Yoast SEO plugin. -->","yoast_head_json":{"title":"Atelier de dessin \u00e0 Merdrignac (22) -","robots":{"index":"index","follow":"follow","max-snippet":"max-snippet:-1","max-image-preview":"max-image-preview:large","max-video-preview":"max-video-preview:-1"},"canonical":"https:\/\/www.anadess.com\/blog\/atelier-de-dessin-a-merdrignac-22\/","og_locale":"fr_FR","og_type":"article","og_title":"Atelier de dessin \u00e0 Merdrignac (22) -","og_description":"\u00a0\u00a0Je suis heureuse, avec Eva Reinkingen, de vous annoncer l\u2019ouverture d\u2019un atelier dessin \u00e0 Merdrignac. (22)\u00a0N\u2019h\u00e9sitez pas \u00e0 en parler autour de vous, peut-\u00eatre aurez-vous des\u00a0int\u00e9ress\u00e9.es\u00a0dans votre entourage !\u00a0Illustrations, bande&hellip;  Lire la suite","og_url":"https:\/\/www.anadess.com\/blog\/atelier-de-dessin-a-merdrignac-22\/","article_published_time":"2026-09-02T14:48:47+00:00","article_modified_time":"2026-09-02T15:09:50+00:00","og_image":[{"width":1280,"height":1280,"url":"https:\/\/www.anadess.com\/blog\/wp-content\/uploads\/2026\/09\/PourINSTA1.jpg","type":"image\/jpeg"}],"author":"anadess","twitter_card":"summary_large_image","twitter_misc":{"\u00c9crit par":"anadess","Dur\u00e9e de lecture estim\u00e9e":"2 minutes"},"schema":{"@context":"https:\/\/schema.org","@graph":[{"@type":"Article","@id":"https:\/\/www.anadess.com\/blog\/atelier-de-dessin-a-merdrignac-22\/#article","isPartOf":{"@id":"https:\/\/www.anadess.com\/blog\/atelier-de-dessin-a-merdrignac-22\/"},"author":{"name":"anadess","@id":"https:\/\/www.anadess.com\/blog\/#\/schema\/person\/bb444ea8b02863d199c15fb5e39d37fd"},"headline":"Atelier de dessin \u00e0 Merdrignac (22)","datePublished":"2026-09-02T14:48:47+00:00","dateModified":"2026-09-02T15:09:50+00:00","mainEntityOfPage":{"@id":"https:\/\/www.anadess.com\/blog\/atelier-de-dessin-a-merdrignac-22\/"},"wordCount":153,"commentCount":0,"image":{"@id":"https:\/\/www.anadess.com\/blog\/atelier-de-dessin-a-merdrignac-22\/#primaryimage"},"thumbnailUrl":"https:\/\/www.anadess.com\/blog\/wp-content\/uploads\/2026\/09\/PourINSTA1.jpg","keywords":["Ana Dess","anadess","apprendre \u00e0 dessiner","bande dessin\u00e9e","dessin","merdrignac"],"articleSection":["Accueil","Les Ateliers"],"inLanguage":"fr-FR","potentialAction":[{"@type":"CommentAction","name":"Comment","target":["https:\/\/www.anadess.com\/blog\/atelier-de-dessin-a-merdrignac-22\/#respond"]}]},{"@type":"WebPage","@id":"https:\/\/www.anadess.com\/blog\/atelier-de-dessin-a-merdrignac-22\/","url":"https:\/\/www.anadess.com\/blog\/atelier-de-dessin-a-merdrignac-22\/","name":"Atelier de dessin \u00e0 Merdrignac (22) -","isPartOf":{"@id":"https:\/\/www.anadess.com\/blog\/#website"},"primaryImageOfPage":{"@id":"https:\/\/www.anadess.com\/blog\/atelier-de-dessin-a-merdrignac-22\/#primaryimage"},"image":{"@id":"https:\/\/www.anadess.com\/blog\/atelier-de-dessin-a-merdrignac-22\/#primaryimage"},"thumbnailUrl":"https:\/\/www.anadess.com\/blog\/wp-content\/uploads\/2026\/09\/PourINSTA1.jpg","datePublished":"2026-09-02T14:48:47+00:00","dateModified":"2026-09-02T15:09:50+00:00","author":{"@id":"https:\/\/www.anadess.com\/blog\/#\/schema\/person\/bb444ea8b02863d199c15fb5e39d37fd"},"breadcrumb":{"@id":"https:\/\/www.anadess.com\/blog\/atelier-de-dessin-a-merdrignac-22\/#breadcrumb"},"inLanguage":"fr-FR","potentialAction":[{"@type":"ReadAction","target":["https:\/\/www.anadess.com\/blog\/atelier-de-dessin-a-merdrignac-22\/"]}]},{"@type":"ImageObject","inLanguage":"fr-FR","@id":"https:\/\/www.anadess.com\/blog\/atelier-de-dessin-a-merdrignac-22\/#primaryimage","url":"https:\/\/www.anadess.com\/blog\/wp-content\/uploads\/2026\/09\/PourINSTA1.jpg","contentUrl":"https:\/\/www.anadess.com\/blog\/wp-content\/uploads\/2026\/09\/PourINSTA1.jpg","width":1280,"height":1280},{"@type":"BreadcrumbList","@id":"https:\/\/www.anadess.com\/blog\/atelier-de-dessin-a-merdrignac-22\/#breadcrumb","itemListElement":[{"@type":"ListItem","position":1,"name":"Accueil","item":"https:\/\/www.anadess.com\/blog\/"},{"@type":"ListItem","position":2,"name":"Atelier de dessin \u00e0 Merdrignac (22)"}]},{"@type":"WebSite","@id":"https:\/\/www.anadess.com\/blog\/#website","url":"https:\/\/www.anadess.com\/blog\/","name":"","description":"","potentialAction":[{"@type":"SearchAction","target":{"@type":"EntryPoint","urlTemplate":"https:\/\/www.anadess.com\/blog\/?s={search_term_string}"},"query-input":{"@type":"PropertyValueSpecification","valueRequired":true,"valueName":"search_term_string"}}],"inLanguage":"fr-FR"},{"@type":"Person","@id":"https:\/\/www.anadess.com\/blog\/#\/schema\/person\/bb444ea8b02863d199c15fb5e39d37fd","name":"anadess","image":{"@type":"ImageObject","inLanguage":"fr-FR","@id":"https:\/\/secure.gravatar.com\/avatar\/90504ecfdcd3e11ac8f9e24aa29999a71fc763be940051d5f20c6402abf281ac?s=96&d=mm&r=g","url":"https:\/\/secure.gravatar.com\/avatar\/90504ecfdcd3e11ac8f9e24aa29999a71fc763be940051d5f20c6402abf281ac?s=96&d=mm&r=g","contentUrl":"https:\/\/secure.gravatar.com\/avatar\/90504ecfdcd3e11ac8f9e24aa29999a71fc763be940051d5f20c6402abf281ac?s=96&d=mm&r=g","caption":"anadess"},"url":"https:\/\/www.anadess.com\/blog\/author\/anadess\/"}]}},"_links":{"self":[{"href":"https:\/\/www.anadess.com\/blog\/wp-json\/wp\/v2\/posts\/16363","targetHints":{"allow":["GET"]}}],"collection":[{"href":"https:\/\/www.anadess.com\/blog\/wp-json\/wp\/v2\/posts"}],"about":[{"href":"https:\/\/www.anadess.com\/blog\/wp-json\/wp\/v2\/types\/post"}],"author":[{"embeddable":true,"href":"https:\/\/www.anadess.com\/blog\/wp-json\/wp\/v2\/users\/1"}],"replies":[{"embeddable":true,"href":"https:\/\/www.anadess.com\/blog\/wp-json\/wp\/v2\/comments?post=16363"}],"version-history":[{"count":4,"href":"https:\/\/www.anadess.com\/blog\/wp-json\/wp\/v2\/posts\/16363\/revisions"}],"predecessor-version":[{"id":16368,"href":"https:\/\/www.anadess.com\/blog\/wp-json\/wp\/v2\/posts\/16363\/revisions\/16368"}],"wp:featuredmedia":[{"embeddable":true,"href":"https:\/\/www.anadess.com\/blog\/wp-json\/wp\/v2\/media\/16370"}],"wp:attachment":[{"href":"https:\/\/www.anadess.com\/blog\/wp-json\/wp\/v2\/media?parent=16363"}],"wp:term":[{"taxonomy":"category","embeddable":true,"href":"https:\/\/www.anadess.com\/blog\/wp-json\/wp\/v2\/categories?post=16363"},{"taxonomy":"post_tag","embeddable":true,"href":"https:\/\/www.anadess.com\/blog\/wp-json\/wp\/v2\/tags?post=16363"}],"curies":[{"name":"wp","href":"https:\/\/api.w.org\/{rel}","templated":true}]}}