{"id":2718,"date":"2015-10-12T15:14:00","date_gmt":"2015-10-12T13:14:00","guid":{"rendered":"http:\/\/www.anadess.com\/blog\/?p=2718"},"modified":"2023-09-09T17:43:14","modified_gmt":"2023-09-09T16:43:14","slug":"sur-cette-passerelle-je-reve","status":"publish","type":"post","link":"https:\/\/www.anadess.com\/blog\/sur-cette-passerelle-je-reve\/","title":{"rendered":"Sur cette passerelle, je r\u00eave"},"content":{"rendered":"<p><a href=\"http:\/\/www.anadess.com\/blog\/wp-content\/uploads\/2015\/10\/Visuel-Passerelle.jpg\"><img fetchpriority=\"high\" decoding=\"async\" class=\"alignnone wp-image-2719\" src=\"http:\/\/www.anadess.com\/blog\/wp-content\/uploads\/2015\/10\/Visuel-Passerelle.jpg\" alt=\"Visuel-Passerelle\" width=\"850\" height=\"850\" srcset=\"https:\/\/www.anadess.com\/blog\/wp-content\/uploads\/2015\/10\/Visuel-Passerelle.jpg 1992w, https:\/\/www.anadess.com\/blog\/wp-content\/uploads\/2015\/10\/Visuel-Passerelle-200x200.jpg 200w, https:\/\/www.anadess.com\/blog\/wp-content\/uploads\/2015\/10\/Visuel-Passerelle-300x300.jpg 300w, https:\/\/www.anadess.com\/blog\/wp-content\/uploads\/2015\/10\/Visuel-Passerelle-1024x1024.jpg 1024w, https:\/\/www.anadess.com\/blog\/wp-content\/uploads\/2015\/10\/Visuel-Passerelle-640x640.jpg 640w\" sizes=\"(max-width: 850px) 100vw, 850px\" \/><\/a>Aujourd&rsquo;hui je vous invite \u00e0 d\u00e9couvrir une nouvelle chanson : <strong>Sur cette passerelle, je r\u00eave.<\/strong><\/p>\n<p>Ce titre a une <strong>histoire particuli\u00e8re<\/strong>. Il y a deux ans j&rsquo;ai anim\u00e9 des ateliers d&rsquo;\u00e9criture avec des personnes \u00e2g\u00e9es de deux h\u00f4pitaux de Givors. Ils m&rsquo;ont confi\u00e9 leurs souvenirs li\u00e9s au fleuve \u00ab\u00a0Rh\u00f4ne\u00a0\u00bb, je suis rentr\u00e9e chez moi charg\u00e9e du cadeau de leurs m\u00e9moires. De l\u00e0, les mots sont n\u00e9s et j&rsquo;ai \u00e9crit cette chanson pour leur rendre hommage.<\/p>\n<p><em>\u00a0\u00bb Je transporte ces mots franchissant ce cours<\/em><br \/>\n<em>Je suis le messager de ces vers qui s\u2019\u00e9coulent.\u00a0\u00bb<br \/>\n<\/em><br \/>\n<strong>Vous pouvez l&rsquo;\u00e9coutez ici<\/strong><br \/>\n<iframe src=\"https:\/\/w.soundcloud.com\/player\/?url=https%3A\/\/api.soundcloud.com\/tracks\/250165044&amp;auto_play=false&amp;hide_related=false&amp;show_comments=true&amp;show_user=true&amp;show_reposts=false&amp;visual=true\" width=\"100%\" height=\"450\" frameborder=\"no\" scrolling=\"no\"><\/iframe><\/p>\n<p style=\"text-align: center;\">************************************************************************************************************<\/p>\n<p><strong>Sur cette passerelle, je r\u00eave<\/strong><\/p>\n<p>Assis sur mon banc mes pens\u00e9es s\u2019\u00e9coulent lentement<br \/>\nJe peins mes m\u00e9moires pour un voyage hors du temps<\/p>\n<p>Je sens la vibration des pas sur le bitume<br \/>\nOn \u00e9change sur le pont les derni\u00e8res habitudes<br \/>\nLes pav\u00e9s martel\u00e9s r\u00e9v\u00e8lent les coutumes<br \/>\nLes arr\u00eats, les passages, les partages, les coups durs<br \/>\nL\u2019odeur du savon se m\u00e9lange \u00e0 la ros\u00e9e du matin<br \/>\nLes lavandi\u00e8res trempent leur linge, la nuit s\u2019\u00e9teint<br \/>\nLa mousse dispara\u00eet dans le bleu du fleuve<br \/>\nAlors que se r\u00e9veillent mes souvenirs en fleurs<\/p>\n<p><em>Refrain\u00a0: X2<br \/>\n<\/em><em style=\"font-size: 1.1em;\">Sur cette passerelle, je r\u00eave<br \/>\n<\/em><em style=\"font-size: 1.1em;\">Du temps d\u2019avant<br \/>\n<\/em><em style=\"font-size: 1.1em;\">Je traverse jusqu\u2019\u00e0 cette rive<br \/>\n<\/em><em style=\"font-size: 1.1em;\">Port\u00e9e par le vent<\/em><\/p>\n<p>Assis sur mon banc mes pens\u00e9es s\u2019\u00e9coulent lentement<br \/>\nJe peins mes m\u00e9moires pour un voyage hors du temps<\/p>\n<p>Les bateaux passent transportant vies et songes<br \/>\nAlors que tr\u00e9passent mes illusions, mes mensonges<br \/>\nJ\u2019entends la col\u00e8re de l\u2019eau qui m\u2019inonde<br \/>\nCreusant son lit au plus profond du monde<\/p>\n<p>Assis sur la rive, les p\u00e9cheurs attendent, patience<br \/>\nL\u2019instant o\u00f9 leur prise l\u2019entra\u00eenera au fond, m\u00e9fiance<br \/>\nImmobile, suspendu dans l\u2019instant<br \/>\nJ\u2019admire la nature r\u00e9sistante<\/p>\n<p><em>Refrain\u00a0: X2<\/em><br \/>\n<em>Sur cette passerelle, je r\u00eave<\/em><br \/>\n<em>Du temps d\u2019avant<\/em><br \/>\n<em>Je traverse jusqu\u2019\u00e0 cette rive<\/em><br \/>\n<em>Port\u00e9e par le vent<\/em><\/p>\n<p>Assis sur mon banc mes pens\u00e9es s\u2019\u00e9coulent lentement<br \/>\nJe peins mes m\u00e9moires pour un voyage hors du temps<\/p>\n<p>J\u2019\u00e9coute la crue qui gronde, les ponts s\u2019effondrent<br \/>\nDu ciel jaillissent les bombes, les \u00e9clairs et la foudre<br \/>\nL\u2019histoire emporte ses pierres, l\u2019homme construit<br \/>\nUn nouvel horizon s\u2019\u00e9l\u00e8ve, sans un bruit<\/p>\n<p>J\u2019entrevois l\u2019espoir d\u2019une nouvelle romance<br \/>\nSur la rive d\u2019en face, une plage \u00e0 \u00e9crire immense<br \/>\nJe transporte ces mots franchissant ce cours<br \/>\nJe suis le messager de ces vers qui s\u2019\u00e9coulent<\/p>\n<p><em>Refrain\u00a0: X2<\/em><br \/>\n<em>Sur cette passerelle, je r\u00eave<\/em><br \/>\n<em>Du temps d\u2019avant<\/em><br \/>\n<em>Je traverse jusqu\u2019\u00e0 cette rive<\/em><br \/>\n<em>Port\u00e9e par le vent<\/em><\/p>\n<p><strong>Ana Dess<\/strong><\/p>\n","protected":false},"excerpt":{"rendered":"<p>Aujourd&rsquo;hui je vous invite \u00e0 d\u00e9couvrir une nouvelle chanson : Sur cette passerelle, je r\u00eave. Ce titre a une histoire particuli\u00e8re. Il y a deux ans j&rsquo;ai anim\u00e9 des ateliers&hellip;<\/p>\n<p> <a class=\"more-link\" href=\"https:\/\/www.anadess.com\/blog\/sur-cette-passerelle-je-reve\/\">Lire la suite<\/a><\/p>\n","protected":false},"author":1,"featured_media":2719,"comment_status":"open","ping_status":"open","sticky":false,"template":"","format":"standard","meta":{"_monsterinsights_skip_tracking":false,"_monsterinsights_sitenote_active":false,"_monsterinsights_sitenote_note":"","_monsterinsights_sitenote_category":0,"footnotes":""},"categories":[1881],"tags":[1323,18,827,20,2060,214,2083,25,2081,2080,46,2084,61,2082,64,376,2049,1073,1307,80,206],"class_list":{"0":"post-2718","1":"post","2":"type-post","3":"status-publish","4":"format-standard","5":"has-post-thumbnail","7":"category-musique","8":"tag-adelie-prod","9":"tag-ana-dess-2","10":"tag-anades","11":"tag-anadess","12":"tag-anna-des","13":"tag-anna-dess","14":"tag-banc","15":"tag-chanson","16":"tag-fleuve","17":"tag-givors","18":"tag-heritage","19":"tag-je-reve","20":"tag-memoire","21":"tag-mots","22":"tag-musique","23":"tag-papier","24":"tag-passerelle","25":"tag-poesie","26":"tag-rhone","27":"tag-slam","28":"tag-texte"},"yoast_head":"<!-- This site is optimized with the Yoast SEO plugin v27.4 - https:\/\/yoast.com\/product\/yoast-seo-wordpress\/ -->\n<title>Sur cette passerelle, je r\u00eave -<\/title>\n<meta name=\"robots\" content=\"index, follow, max-snippet:-1, max-image-preview:large, max-video-preview:-1\" \/>\n<link rel=\"canonical\" href=\"https:\/\/www.anadess.com\/blog\/sur-cette-passerelle-je-reve\/\" \/>\n<meta property=\"og:locale\" content=\"fr_FR\" \/>\n<meta property=\"og:type\" content=\"article\" \/>\n<meta property=\"og:title\" content=\"Sur cette passerelle, je r\u00eave -\" \/>\n<meta property=\"og:description\" content=\"Aujourd&rsquo;hui je vous invite \u00e0 d\u00e9couvrir une nouvelle chanson : Sur cette passerelle, je r\u00eave. Ce titre a une histoire particuli\u00e8re. Il y a deux ans j&rsquo;ai anim\u00e9 des ateliers&hellip;  Lire la suite\" \/>\n<meta property=\"og:url\" content=\"https:\/\/www.anadess.com\/blog\/sur-cette-passerelle-je-reve\/\" \/>\n<meta property=\"article:published_time\" content=\"2015-10-12T13:14:00+00:00\" \/>\n<meta property=\"article:modified_time\" content=\"2023-09-09T16:43:14+00:00\" \/>\n<meta property=\"og:image\" content=\"https:\/\/www.anadess.com\/blog\/wp-content\/uploads\/2015\/10\/Visuel-Passerelle.jpg\" \/>\n\t<meta property=\"og:image:width\" content=\"1992\" \/>\n\t<meta property=\"og:image:height\" content=\"1992\" \/>\n\t<meta property=\"og:image:type\" content=\"image\/jpeg\" \/>\n<meta name=\"author\" content=\"anadess\" \/>\n<meta name=\"twitter:card\" content=\"summary_large_image\" \/>\n<meta name=\"twitter:label1\" content=\"\u00c9crit par\" \/>\n\t<meta name=\"twitter:data1\" content=\"anadess\" \/>\n\t<meta name=\"twitter:label2\" content=\"Dur\u00e9e de lecture estim\u00e9e\" \/>\n\t<meta name=\"twitter:data2\" content=\"3 minutes\" \/>\n<script type=\"application\/ld+json\" class=\"yoast-schema-graph\">{\"@context\":\"https:\\\/\\\/schema.org\",\"@graph\":[{\"@type\":\"Article\",\"@id\":\"https:\\\/\\\/www.anadess.com\\\/blog\\\/sur-cette-passerelle-je-reve\\\/#article\",\"isPartOf\":{\"@id\":\"https:\\\/\\\/www.anadess.com\\\/blog\\\/sur-cette-passerelle-je-reve\\\/\"},\"author\":{\"name\":\"anadess\",\"@id\":\"https:\\\/\\\/www.anadess.com\\\/blog\\\/#\\\/schema\\\/person\\\/bb444ea8b02863d199c15fb5e39d37fd\"},\"headline\":\"Sur cette passerelle, je r\u00eave\",\"datePublished\":\"2015-10-12T13:14:00+00:00\",\"dateModified\":\"2023-09-09T16:43:14+00:00\",\"mainEntityOfPage\":{\"@id\":\"https:\\\/\\\/www.anadess.com\\\/blog\\\/sur-cette-passerelle-je-reve\\\/\"},\"wordCount\":470,\"commentCount\":4,\"image\":{\"@id\":\"https:\\\/\\\/www.anadess.com\\\/blog\\\/sur-cette-passerelle-je-reve\\\/#primaryimage\"},\"thumbnailUrl\":\"https:\\\/\\\/www.anadess.com\\\/blog\\\/wp-content\\\/uploads\\\/2015\\\/10\\\/Visuel-Passerelle.jpg\",\"keywords\":[\"adelie prod\",\"Ana Dess\",\"anades\",\"anadess\",\"anna des\",\"anna dess\",\"banc\",\"chanson\",\"fleuve\",\"givors\",\"h\u00e9ritage\",\"je r\u00eave\",\"m\u00e9moire\",\"mots\",\"Musique\",\"papier\",\"passerelle\",\"po\u00e9sie\",\"rh\u00f4ne\",\"slam\",\"texte\"],\"articleSection\":[\"Musique\"],\"inLanguage\":\"fr-FR\",\"potentialAction\":[{\"@type\":\"CommentAction\",\"name\":\"Comment\",\"target\":[\"https:\\\/\\\/www.anadess.com\\\/blog\\\/sur-cette-passerelle-je-reve\\\/#respond\"]}]},{\"@type\":\"WebPage\",\"@id\":\"https:\\\/\\\/www.anadess.com\\\/blog\\\/sur-cette-passerelle-je-reve\\\/\",\"url\":\"https:\\\/\\\/www.anadess.com\\\/blog\\\/sur-cette-passerelle-je-reve\\\/\",\"name\":\"Sur cette passerelle, je r\u00eave -\",\"isPartOf\":{\"@id\":\"https:\\\/\\\/www.anadess.com\\\/blog\\\/#website\"},\"primaryImageOfPage\":{\"@id\":\"https:\\\/\\\/www.anadess.com\\\/blog\\\/sur-cette-passerelle-je-reve\\\/#primaryimage\"},\"image\":{\"@id\":\"https:\\\/\\\/www.anadess.com\\\/blog\\\/sur-cette-passerelle-je-reve\\\/#primaryimage\"},\"thumbnailUrl\":\"https:\\\/\\\/www.anadess.com\\\/blog\\\/wp-content\\\/uploads\\\/2015\\\/10\\\/Visuel-Passerelle.jpg\",\"datePublished\":\"2015-10-12T13:14:00+00:00\",\"dateModified\":\"2023-09-09T16:43:14+00:00\",\"author\":{\"@id\":\"https:\\\/\\\/www.anadess.com\\\/blog\\\/#\\\/schema\\\/person\\\/bb444ea8b02863d199c15fb5e39d37fd\"},\"breadcrumb\":{\"@id\":\"https:\\\/\\\/www.anadess.com\\\/blog\\\/sur-cette-passerelle-je-reve\\\/#breadcrumb\"},\"inLanguage\":\"fr-FR\",\"potentialAction\":[{\"@type\":\"ReadAction\",\"target\":[\"https:\\\/\\\/www.anadess.com\\\/blog\\\/sur-cette-passerelle-je-reve\\\/\"]}]},{\"@type\":\"ImageObject\",\"inLanguage\":\"fr-FR\",\"@id\":\"https:\\\/\\\/www.anadess.com\\\/blog\\\/sur-cette-passerelle-je-reve\\\/#primaryimage\",\"url\":\"https:\\\/\\\/www.anadess.com\\\/blog\\\/wp-content\\\/uploads\\\/2015\\\/10\\\/Visuel-Passerelle.jpg\",\"contentUrl\":\"https:\\\/\\\/www.anadess.com\\\/blog\\\/wp-content\\\/uploads\\\/2015\\\/10\\\/Visuel-Passerelle.jpg\",\"width\":1992,\"height\":1992},{\"@type\":\"BreadcrumbList\",\"@id\":\"https:\\\/\\\/www.anadess.com\\\/blog\\\/sur-cette-passerelle-je-reve\\\/#breadcrumb\",\"itemListElement\":[{\"@type\":\"ListItem\",\"position\":1,\"name\":\"Accueil\",\"item\":\"https:\\\/\\\/www.anadess.com\\\/blog\\\/\"},{\"@type\":\"ListItem\",\"position\":2,\"name\":\"Sur cette passerelle, je r\u00eave\"}]},{\"@type\":\"WebSite\",\"@id\":\"https:\\\/\\\/www.anadess.com\\\/blog\\\/#website\",\"url\":\"https:\\\/\\\/www.anadess.com\\\/blog\\\/\",\"name\":\"\",\"description\":\"\",\"potentialAction\":[{\"@type\":\"SearchAction\",\"target\":{\"@type\":\"EntryPoint\",\"urlTemplate\":\"https:\\\/\\\/www.anadess.com\\\/blog\\\/?s={search_term_string}\"},\"query-input\":{\"@type\":\"PropertyValueSpecification\",\"valueRequired\":true,\"valueName\":\"search_term_string\"}}],\"inLanguage\":\"fr-FR\"},{\"@type\":\"Person\",\"@id\":\"https:\\\/\\\/www.anadess.com\\\/blog\\\/#\\\/schema\\\/person\\\/bb444ea8b02863d199c15fb5e39d37fd\",\"name\":\"anadess\",\"image\":{\"@type\":\"ImageObject\",\"inLanguage\":\"fr-FR\",\"@id\":\"https:\\\/\\\/secure.gravatar.com\\\/avatar\\\/90504ecfdcd3e11ac8f9e24aa29999a71fc763be940051d5f20c6402abf281ac?s=96&d=mm&r=g\",\"url\":\"https:\\\/\\\/secure.gravatar.com\\\/avatar\\\/90504ecfdcd3e11ac8f9e24aa29999a71fc763be940051d5f20c6402abf281ac?s=96&d=mm&r=g\",\"contentUrl\":\"https:\\\/\\\/secure.gravatar.com\\\/avatar\\\/90504ecfdcd3e11ac8f9e24aa29999a71fc763be940051d5f20c6402abf281ac?s=96&d=mm&r=g\",\"caption\":\"anadess\"},\"url\":\"https:\\\/\\\/www.anadess.com\\\/blog\\\/author\\\/anadess\\\/\"}]}<\/script>\n<!-- \/ Yoast SEO plugin. -->","yoast_head_json":{"title":"Sur cette passerelle, je r\u00eave -","robots":{"index":"index","follow":"follow","max-snippet":"max-snippet:-1","max-image-preview":"max-image-preview:large","max-video-preview":"max-video-preview:-1"},"canonical":"https:\/\/www.anadess.com\/blog\/sur-cette-passerelle-je-reve\/","og_locale":"fr_FR","og_type":"article","og_title":"Sur cette passerelle, je r\u00eave -","og_description":"Aujourd&rsquo;hui je vous invite \u00e0 d\u00e9couvrir une nouvelle chanson : Sur cette passerelle, je r\u00eave. Ce titre a une histoire particuli\u00e8re. Il y a deux ans j&rsquo;ai anim\u00e9 des ateliers&hellip;  Lire la suite","og_url":"https:\/\/www.anadess.com\/blog\/sur-cette-passerelle-je-reve\/","article_published_time":"2015-10-12T13:14:00+00:00","article_modified_time":"2023-09-09T16:43:14+00:00","og_image":[{"width":1992,"height":1992,"url":"https:\/\/www.anadess.com\/blog\/wp-content\/uploads\/2015\/10\/Visuel-Passerelle.jpg","type":"image\/jpeg"}],"author":"anadess","twitter_card":"summary_large_image","twitter_misc":{"\u00c9crit par":"anadess","Dur\u00e9e de lecture estim\u00e9e":"3 minutes"},"schema":{"@context":"https:\/\/schema.org","@graph":[{"@type":"Article","@id":"https:\/\/www.anadess.com\/blog\/sur-cette-passerelle-je-reve\/#article","isPartOf":{"@id":"https:\/\/www.anadess.com\/blog\/sur-cette-passerelle-je-reve\/"},"author":{"name":"anadess","@id":"https:\/\/www.anadess.com\/blog\/#\/schema\/person\/bb444ea8b02863d199c15fb5e39d37fd"},"headline":"Sur cette passerelle, je r\u00eave","datePublished":"2015-10-12T13:14:00+00:00","dateModified":"2023-09-09T16:43:14+00:00","mainEntityOfPage":{"@id":"https:\/\/www.anadess.com\/blog\/sur-cette-passerelle-je-reve\/"},"wordCount":470,"commentCount":4,"image":{"@id":"https:\/\/www.anadess.com\/blog\/sur-cette-passerelle-je-reve\/#primaryimage"},"thumbnailUrl":"https:\/\/www.anadess.com\/blog\/wp-content\/uploads\/2015\/10\/Visuel-Passerelle.jpg","keywords":["adelie prod","Ana Dess","anades","anadess","anna des","anna dess","banc","chanson","fleuve","givors","h\u00e9ritage","je r\u00eave","m\u00e9moire","mots","Musique","papier","passerelle","po\u00e9sie","rh\u00f4ne","slam","texte"],"articleSection":["Musique"],"inLanguage":"fr-FR","potentialAction":[{"@type":"CommentAction","name":"Comment","target":["https:\/\/www.anadess.com\/blog\/sur-cette-passerelle-je-reve\/#respond"]}]},{"@type":"WebPage","@id":"https:\/\/www.anadess.com\/blog\/sur-cette-passerelle-je-reve\/","url":"https:\/\/www.anadess.com\/blog\/sur-cette-passerelle-je-reve\/","name":"Sur cette passerelle, je r\u00eave -","isPartOf":{"@id":"https:\/\/www.anadess.com\/blog\/#website"},"primaryImageOfPage":{"@id":"https:\/\/www.anadess.com\/blog\/sur-cette-passerelle-je-reve\/#primaryimage"},"image":{"@id":"https:\/\/www.anadess.com\/blog\/sur-cette-passerelle-je-reve\/#primaryimage"},"thumbnailUrl":"https:\/\/www.anadess.com\/blog\/wp-content\/uploads\/2015\/10\/Visuel-Passerelle.jpg","datePublished":"2015-10-12T13:14:00+00:00","dateModified":"2023-09-09T16:43:14+00:00","author":{"@id":"https:\/\/www.anadess.com\/blog\/#\/schema\/person\/bb444ea8b02863d199c15fb5e39d37fd"},"breadcrumb":{"@id":"https:\/\/www.anadess.com\/blog\/sur-cette-passerelle-je-reve\/#breadcrumb"},"inLanguage":"fr-FR","potentialAction":[{"@type":"ReadAction","target":["https:\/\/www.anadess.com\/blog\/sur-cette-passerelle-je-reve\/"]}]},{"@type":"ImageObject","inLanguage":"fr-FR","@id":"https:\/\/www.anadess.com\/blog\/sur-cette-passerelle-je-reve\/#primaryimage","url":"https:\/\/www.anadess.com\/blog\/wp-content\/uploads\/2015\/10\/Visuel-Passerelle.jpg","contentUrl":"https:\/\/www.anadess.com\/blog\/wp-content\/uploads\/2015\/10\/Visuel-Passerelle.jpg","width":1992,"height":1992},{"@type":"BreadcrumbList","@id":"https:\/\/www.anadess.com\/blog\/sur-cette-passerelle-je-reve\/#breadcrumb","itemListElement":[{"@type":"ListItem","position":1,"name":"Accueil","item":"https:\/\/www.anadess.com\/blog\/"},{"@type":"ListItem","position":2,"name":"Sur cette passerelle, je r\u00eave"}]},{"@type":"WebSite","@id":"https:\/\/www.anadess.com\/blog\/#website","url":"https:\/\/www.anadess.com\/blog\/","name":"","description":"","potentialAction":[{"@type":"SearchAction","target":{"@type":"EntryPoint","urlTemplate":"https:\/\/www.anadess.com\/blog\/?s={search_term_string}"},"query-input":{"@type":"PropertyValueSpecification","valueRequired":true,"valueName":"search_term_string"}}],"inLanguage":"fr-FR"},{"@type":"Person","@id":"https:\/\/www.anadess.com\/blog\/#\/schema\/person\/bb444ea8b02863d199c15fb5e39d37fd","name":"anadess","image":{"@type":"ImageObject","inLanguage":"fr-FR","@id":"https:\/\/secure.gravatar.com\/avatar\/90504ecfdcd3e11ac8f9e24aa29999a71fc763be940051d5f20c6402abf281ac?s=96&d=mm&r=g","url":"https:\/\/secure.gravatar.com\/avatar\/90504ecfdcd3e11ac8f9e24aa29999a71fc763be940051d5f20c6402abf281ac?s=96&d=mm&r=g","contentUrl":"https:\/\/secure.gravatar.com\/avatar\/90504ecfdcd3e11ac8f9e24aa29999a71fc763be940051d5f20c6402abf281ac?s=96&d=mm&r=g","caption":"anadess"},"url":"https:\/\/www.anadess.com\/blog\/author\/anadess\/"}]}},"_links":{"self":[{"href":"https:\/\/www.anadess.com\/blog\/wp-json\/wp\/v2\/posts\/2718","targetHints":{"allow":["GET"]}}],"collection":[{"href":"https:\/\/www.anadess.com\/blog\/wp-json\/wp\/v2\/posts"}],"about":[{"href":"https:\/\/www.anadess.com\/blog\/wp-json\/wp\/v2\/types\/post"}],"author":[{"embeddable":true,"href":"https:\/\/www.anadess.com\/blog\/wp-json\/wp\/v2\/users\/1"}],"replies":[{"embeddable":true,"href":"https:\/\/www.anadess.com\/blog\/wp-json\/wp\/v2\/comments?post=2718"}],"version-history":[{"count":1,"href":"https:\/\/www.anadess.com\/blog\/wp-json\/wp\/v2\/posts\/2718\/revisions"}],"predecessor-version":[{"id":15853,"href":"https:\/\/www.anadess.com\/blog\/wp-json\/wp\/v2\/posts\/2718\/revisions\/15853"}],"wp:featuredmedia":[{"embeddable":true,"href":"https:\/\/www.anadess.com\/blog\/wp-json\/wp\/v2\/media\/2719"}],"wp:attachment":[{"href":"https:\/\/www.anadess.com\/blog\/wp-json\/wp\/v2\/media?parent=2718"}],"wp:term":[{"taxonomy":"category","embeddable":true,"href":"https:\/\/www.anadess.com\/blog\/wp-json\/wp\/v2\/categories?post=2718"},{"taxonomy":"post_tag","embeddable":true,"href":"https:\/\/www.anadess.com\/blog\/wp-json\/wp\/v2\/tags?post=2718"}],"curies":[{"name":"wp","href":"https:\/\/api.w.org\/{rel}","templated":true}]}}